{"id":862,"date":"2017-07-07T08:43:17","date_gmt":"2017-07-07T08:43:17","guid":{"rendered":"https:\/\/www.casavaldeseroma.it\/?p=862\/"},"modified":"2018-01-18T15:44:29","modified_gmt":"2018-01-18T15:44:29","slug":"theologische-fakultaet-waldenser-rom","status":"publish","type":"post","link":"https:\/\/www.casavaldeseroma.it\/de\/theologische-fakultaet-waldenser-rom\/","title":{"rendered":"Die Theologische Fakult\u00e4t der Waldenser in Rom und das Studentenwohnheim"},"content":{"rendered":"<p>Die Waldensische Theologische Fakult\u00e4t, die \u00e4lteste Hochschule f\u00fcr evangelische Theologie in Italien, wurde 1855 in Torre Pellice gegr\u00fcndet<!--more-->Die Waldensische Theologische Fakult\u00e4t, die \u00e4lteste Hochschule f\u00fcr evangelische Theologie in Italien, wurde 1855 in Torre Pellice gegr\u00fcndet.<br \/>\n1861 wurde sie nach Florenz verlegt, mit dem Ziel, sich vollst\u00e4ndig in das Leben und die Kultur Italiens zu integrieren und bildete dort zuk\u00fcnftige Pfarrer aus, bis 1922 der neue Hochschulsitz in Rom, im Viertel Prati, nicht weit vom Waldenser G\u00e4stehaus entfernt, er\u00f6ffnet wurde.<br \/>\nDie Waldenser Fakult\u00e4t steht nicht nur Waldensern, Methodisten und Baptisten offen, sondern der gesamten protestantischen Kirche Italiens sowie den \u00f6kumenischen und interreligi\u00f6sen Vereinigungen, die an der protestantischen Theologie interessiert sind.<br \/>\nDie Fakult\u00e4t ist ein Ort der Begegnung und des Dialogs, was vor allem zwei Elementen zu verdanken ist: dem Bewusstsein um die eigenen protestantischen Wurzeln und der Sensibilit\u00e4t f\u00fcr \u00f6kumenischen Themen, so dass sowohl Studenten aus den protestantischen Kirchen in Italien und im Ausland wie auch evangelische, katholische oder alle an theologischen und bibelwissenschaftlichen Fragen Interessierte willkommen sind, selbst wenn sie keiner Kirche angeh\u00f6ren.<br \/>\nDie Fakult\u00e4t umfasst eine Bibliothek, in denen die historischen Quellen der protestantischen Religion in Italien und Europa zug\u00e4nglich sind, und eine Aula Magna, die sich f\u00fcr nationale und internationale Symposien eignet.<br \/>\nDar\u00fcber hinaus verf\u00fcgt die Fakult\u00e4t \u00fcber ein Studentenwohnheim, das auch Studierenden anderer Fakult\u00e4ten und Hochschulen in Rom offensteht. Insbesondere nimmt es Studierende aus dem Erasmus-Programm und dem Melanchthon-Zentrum auf, das die Waldenserfakult\u00e4t zusammen mit der Evangelisch-lutherischen Kirche in Italien (CELI) f\u00fchrt.<br \/>\nWenn Sie weitere Informationen \u00fcber das Studentenwohnheim und die Serviceleistungen w\u00fcnschen, k\u00f6nnen Sie sich an die Rezeption des Waldenser G\u00e4stehauses in Rom wenden.<\/p>\n","protected":false},"excerpt":{"rendered":"<p>Die Waldensische Theologische Fakult\u00e4t, die \u00e4lteste Hochschule f\u00fcr evangelische Theologie in Italien, wurde 1855 in Torre Pellice gegr\u00fcndet<\/p>\n","protected":false},"author":1,"featured_media":1105,"comment_status":"open","ping_status":"closed","sticky":false,"template":"","format":"standard","meta":{"footnotes":""},"categories":[3],"tags":[],"class_list":["post-862","post","type-post","status-publish","format-standard","has-post-thumbnail","hentry","category-unkategorisiert"],"yoast_head":"<!-- This site is optimized with the Yoast SEO plugin v24.8.1 - https:\/\/yoast.com\/wordpress\/plugins\/seo\/ -->\n<title>Die Theologische Fakult\u00e4t der Waldenser in Rom | Casa Valdese Roma<\/title>\n<meta name=\"description\" content=\"Entdecken Sie die Valdese Fakult\u00e4t f\u00fcr Theologie von Rom, das \u00e4lteste Institut in Italien f\u00fcr das Universit\u00e4tsstudium der evangelischen Theologie.\" \/>\n<meta name=\"robots\" content=\"index, follow, max-snippet:-1, max-image-preview:large, max-video-preview:-1\" \/>\n<link rel=\"canonical\" href=\"https:\/\/www.casavaldeseroma.it\/de\/theologische-fakultaet-waldenser-rom\/\" \/>\n<meta property=\"og:locale\" content=\"de_DE\" \/>\n<meta property=\"og:type\" content=\"article\" \/>\n<meta property=\"og:title\" content=\"Die Theologische Fakult\u00e4t der Waldenser in Rom | Casa Valdese Roma\" \/>\n<meta property=\"og:description\" content=\"Entdecken Sie die Valdese Fakult\u00e4t f\u00fcr Theologie von Rom, das \u00e4lteste Institut in Italien f\u00fcr das Universit\u00e4tsstudium der evangelischen Theologie.\" \/>\n<meta property=\"og:url\" content=\"https:\/\/www.casavaldeseroma.it\/de\/theologische-fakultaet-waldenser-rom\/\" \/>\n<meta property=\"og:site_name\" content=\"Di Roma\" \/>\n<meta property=\"article:published_time\" content=\"2017-07-07T08:43:17+00:00\" \/>\n<meta property=\"article:modified_time\" content=\"2018-01-18T15:44:29+00:00\" \/>\n<meta property=\"og:image\" content=\"https:\/\/www.casavaldeseroma.it\/wp-content\/uploads\/2017\/07\/commonspace3.jpg\" \/>\n\t<meta property=\"og:image:width\" content=\"1280\" \/>\n\t<meta property=\"og:image:height\" content=\"854\" \/>\n\t<meta property=\"og:image:type\" content=\"image\/jpeg\" \/>\n<meta name=\"author\" content=\"wanny\" \/>\n<meta name=\"twitter:card\" content=\"summary_large_image\" \/>\n<meta name=\"twitter:label1\" content=\"Verfasst von\" \/>\n\t<meta name=\"twitter:data1\" content=\"wanny\" \/>\n\t<meta name=\"twitter:label2\" content=\"Gesch\u00e4tzte Lesezeit\" \/>\n\t<meta name=\"twitter:data2\" content=\"1\u00a0Minute\" \/>\n<script type=\"application\/ld+json\" class=\"yoast-schema-graph\">{\"@context\":\"https:\/\/schema.org\",\"@graph\":[{\"@type\":\"WebPage\",\"@id\":\"https:\/\/www.casavaldeseroma.it\/de\/theologische-fakultaet-waldenser-rom\/\",\"url\":\"https:\/\/www.casavaldeseroma.it\/de\/theologische-fakultaet-waldenser-rom\/\",\"name\":\"Die Theologische Fakult\u00e4t der Waldenser in Rom | Casa Valdese Roma\",\"isPartOf\":{\"@id\":\"https:\/\/www.casavaldeseroma.it\/#website\"},\"primaryImageOfPage\":{\"@id\":\"https:\/\/www.casavaldeseroma.it\/de\/theologische-fakultaet-waldenser-rom\/#primaryimage\"},\"image\":{\"@id\":\"https:\/\/www.casavaldeseroma.it\/de\/theologische-fakultaet-waldenser-rom\/#primaryimage\"},\"thumbnailUrl\":\"https:\/\/www.casavaldeseroma.it\/wp-content\/uploads\/2017\/07\/commonspace3.jpg\",\"datePublished\":\"2017-07-07T08:43:17+00:00\",\"dateModified\":\"2018-01-18T15:44:29+00:00\",\"author\":{\"@id\":\"https:\/\/www.casavaldeseroma.it\/#\/schema\/person\/c20e37dfa02acfda6d857a8c4268b789\"},\"description\":\"Entdecken Sie die Valdese Fakult\u00e4t f\u00fcr Theologie von Rom, das \u00e4lteste Institut in Italien f\u00fcr das Universit\u00e4tsstudium der evangelischen Theologie.\",\"breadcrumb\":{\"@id\":\"https:\/\/www.casavaldeseroma.it\/de\/theologische-fakultaet-waldenser-rom\/#breadcrumb\"},\"inLanguage\":\"de\",\"potentialAction\":[{\"@type\":\"ReadAction\",\"target\":[\"https:\/\/www.casavaldeseroma.it\/de\/theologische-fakultaet-waldenser-rom\/\"]}]},{\"@type\":\"ImageObject\",\"inLanguage\":\"de\",\"@id\":\"https:\/\/www.casavaldeseroma.it\/de\/theologische-fakultaet-waldenser-rom\/#primaryimage\",\"url\":\"https:\/\/www.casavaldeseroma.it\/wp-content\/uploads\/2017\/07\/commonspace3.jpg\",\"contentUrl\":\"https:\/\/www.casavaldeseroma.it\/wp-content\/uploads\/2017\/07\/commonspace3.jpg\",\"width\":1280,\"height\":854},{\"@type\":\"BreadcrumbList\",\"@id\":\"https:\/\/www.casavaldeseroma.it\/de\/theologische-fakultaet-waldenser-rom\/#breadcrumb\",\"itemListElement\":[{\"@type\":\"ListItem\",\"position\":1,\"name\":\"Home\",\"item\":\"https:\/\/www.casavaldeseroma.it\/de\/\"},{\"@type\":\"ListItem\",\"position\":2,\"name\":\"Die Theologische Fakult\u00e4t der Waldenser in Rom und das Studentenwohnheim\"}]},{\"@type\":\"WebSite\",\"@id\":\"https:\/\/www.casavaldeseroma.it\/#website\",\"url\":\"https:\/\/www.casavaldeseroma.it\/\",\"name\":\"Di Roma\",\"description\":\"Just another WordPress site\",\"potentialAction\":[{\"@type\":\"SearchAction\",\"target\":{\"@type\":\"EntryPoint\",\"urlTemplate\":\"https:\/\/www.casavaldeseroma.it\/?s={search_term_string}\"},\"query-input\":{\"@type\":\"PropertyValueSpecification\",\"valueRequired\":true,\"valueName\":\"search_term_string\"}}],\"inLanguage\":\"de\"},{\"@type\":\"Person\",\"@id\":\"https:\/\/www.casavaldeseroma.it\/#\/schema\/person\/c20e37dfa02acfda6d857a8c4268b789\",\"name\":\"wanny\",\"image\":{\"@type\":\"ImageObject\",\"inLanguage\":\"de\",\"@id\":\"https:\/\/www.casavaldeseroma.it\/#\/schema\/person\/image\/\",\"url\":\"https:\/\/secure.gravatar.com\/avatar\/02c8c9710059d83ec2e4573e0f107d1b3ee4a2dadb7f33d99a98b2bfa16eb495?s=96&d=mm&r=g\",\"contentUrl\":\"https:\/\/secure.gravatar.com\/avatar\/02c8c9710059d83ec2e4573e0f107d1b3ee4a2dadb7f33d99a98b2bfa16eb495?s=96&d=mm&r=g\",\"caption\":\"wanny\"},\"url\":\"https:\/\/www.casavaldeseroma.it\/de\/author\/ermeshotels_root_user\/\"}]}<\/script>\n<!-- \/ Yoast SEO plugin. -->","yoast_head_json":{"title":"Die Theologische Fakult\u00e4t der Waldenser in Rom | Casa Valdese Roma","description":"Entdecken Sie die Valdese Fakult\u00e4t f\u00fcr Theologie von Rom, das \u00e4lteste Institut in Italien f\u00fcr das Universit\u00e4tsstudium der evangelischen Theologie.","robots":{"index":"index","follow":"follow","max-snippet":"max-snippet:-1","max-image-preview":"max-image-preview:large","max-video-preview":"max-video-preview:-1"},"canonical":"https:\/\/www.casavaldeseroma.it\/de\/theologische-fakultaet-waldenser-rom\/","og_locale":"de_DE","og_type":"article","og_title":"Die Theologische Fakult\u00e4t der Waldenser in Rom | Casa Valdese Roma","og_description":"Entdecken Sie die Valdese Fakult\u00e4t f\u00fcr Theologie von Rom, das \u00e4lteste Institut in Italien f\u00fcr das Universit\u00e4tsstudium der evangelischen Theologie.","og_url":"https:\/\/www.casavaldeseroma.it\/de\/theologische-fakultaet-waldenser-rom\/","og_site_name":"Di Roma","article_published_time":"2017-07-07T08:43:17+00:00","article_modified_time":"2018-01-18T15:44:29+00:00","og_image":[{"width":1280,"height":854,"url":"https:\/\/www.casavaldeseroma.it\/wp-content\/uploads\/2017\/07\/commonspace3.jpg","type":"image\/jpeg"}],"author":"wanny","twitter_card":"summary_large_image","twitter_misc":{"Verfasst von":"wanny","Gesch\u00e4tzte Lesezeit":"1\u00a0Minute"},"schema":{"@context":"https:\/\/schema.org","@graph":[{"@type":"WebPage","@id":"https:\/\/www.casavaldeseroma.it\/de\/theologische-fakultaet-waldenser-rom\/","url":"https:\/\/www.casavaldeseroma.it\/de\/theologische-fakultaet-waldenser-rom\/","name":"Die Theologische Fakult\u00e4t der Waldenser in Rom | Casa Valdese Roma","isPartOf":{"@id":"https:\/\/www.casavaldeseroma.it\/#website"},"primaryImageOfPage":{"@id":"https:\/\/www.casavaldeseroma.it\/de\/theologische-fakultaet-waldenser-rom\/#primaryimage"},"image":{"@id":"https:\/\/www.casavaldeseroma.it\/de\/theologische-fakultaet-waldenser-rom\/#primaryimage"},"thumbnailUrl":"https:\/\/www.casavaldeseroma.it\/wp-content\/uploads\/2017\/07\/commonspace3.jpg","datePublished":"2017-07-07T08:43:17+00:00","dateModified":"2018-01-18T15:44:29+00:00","author":{"@id":"https:\/\/www.casavaldeseroma.it\/#\/schema\/person\/c20e37dfa02acfda6d857a8c4268b789"},"description":"Entdecken Sie die Valdese Fakult\u00e4t f\u00fcr Theologie von Rom, das \u00e4lteste Institut in Italien f\u00fcr das Universit\u00e4tsstudium der evangelischen Theologie.","breadcrumb":{"@id":"https:\/\/www.casavaldeseroma.it\/de\/theologische-fakultaet-waldenser-rom\/#breadcrumb"},"inLanguage":"de","potentialAction":[{"@type":"ReadAction","target":["https:\/\/www.casavaldeseroma.it\/de\/theologische-fakultaet-waldenser-rom\/"]}]},{"@type":"ImageObject","inLanguage":"de","@id":"https:\/\/www.casavaldeseroma.it\/de\/theologische-fakultaet-waldenser-rom\/#primaryimage","url":"https:\/\/www.casavaldeseroma.it\/wp-content\/uploads\/2017\/07\/commonspace3.jpg","contentUrl":"https:\/\/www.casavaldeseroma.it\/wp-content\/uploads\/2017\/07\/commonspace3.jpg","width":1280,"height":854},{"@type":"BreadcrumbList","@id":"https:\/\/www.casavaldeseroma.it\/de\/theologische-fakultaet-waldenser-rom\/#breadcrumb","itemListElement":[{"@type":"ListItem","position":1,"name":"Home","item":"https:\/\/www.casavaldeseroma.it\/de\/"},{"@type":"ListItem","position":2,"name":"Die Theologische Fakult\u00e4t der Waldenser in Rom und das Studentenwohnheim"}]},{"@type":"WebSite","@id":"https:\/\/www.casavaldeseroma.it\/#website","url":"https:\/\/www.casavaldeseroma.it\/","name":"Di Roma","description":"Just another WordPress site","potentialAction":[{"@type":"SearchAction","target":{"@type":"EntryPoint","urlTemplate":"https:\/\/www.casavaldeseroma.it\/?s={search_term_string}"},"query-input":{"@type":"PropertyValueSpecification","valueRequired":true,"valueName":"search_term_string"}}],"inLanguage":"de"},{"@type":"Person","@id":"https:\/\/www.casavaldeseroma.it\/#\/schema\/person\/c20e37dfa02acfda6d857a8c4268b789","name":"wanny","image":{"@type":"ImageObject","inLanguage":"de","@id":"https:\/\/www.casavaldeseroma.it\/#\/schema\/person\/image\/","url":"https:\/\/secure.gravatar.com\/avatar\/02c8c9710059d83ec2e4573e0f107d1b3ee4a2dadb7f33d99a98b2bfa16eb495?s=96&d=mm&r=g","contentUrl":"https:\/\/secure.gravatar.com\/avatar\/02c8c9710059d83ec2e4573e0f107d1b3ee4a2dadb7f33d99a98b2bfa16eb495?s=96&d=mm&r=g","caption":"wanny"},"url":"https:\/\/www.casavaldeseroma.it\/de\/author\/ermeshotels_root_user\/"}]}},"_links":{"self":[{"href":"https:\/\/www.casavaldeseroma.it\/de\/wp-json\/wp\/v2\/posts\/862","targetHints":{"allow":["GET"]}}],"collection":[{"href":"https:\/\/www.casavaldeseroma.it\/de\/wp-json\/wp\/v2\/posts"}],"about":[{"href":"https:\/\/www.casavaldeseroma.it\/de\/wp-json\/wp\/v2\/types\/post"}],"author":[{"embeddable":true,"href":"https:\/\/www.casavaldeseroma.it\/de\/wp-json\/wp\/v2\/users\/1"}],"replies":[{"embeddable":true,"href":"https:\/\/www.casavaldeseroma.it\/de\/wp-json\/wp\/v2\/comments?post=862"}],"version-history":[{"count":5,"href":"https:\/\/www.casavaldeseroma.it\/de\/wp-json\/wp\/v2\/posts\/862\/revisions"}],"predecessor-version":[{"id":967,"href":"https:\/\/www.casavaldeseroma.it\/de\/wp-json\/wp\/v2\/posts\/862\/revisions\/967"}],"wp:featuredmedia":[{"embeddable":true,"href":"https:\/\/www.casavaldeseroma.it\/de\/wp-json\/wp\/v2\/media\/1105"}],"wp:attachment":[{"href":"https:\/\/www.casavaldeseroma.it\/de\/wp-json\/wp\/v2\/media?parent=862"}],"wp:term":[{"taxonomy":"category","embeddable":true,"href":"https:\/\/www.casavaldeseroma.it\/de\/wp-json\/wp\/v2\/categories?post=862"},{"taxonomy":"post_tag","embeddable":true,"href":"https:\/\/www.casavaldeseroma.it\/de\/wp-json\/wp\/v2\/tags?post=862"}],"curies":[{"name":"wp","href":"https:\/\/api.w.org\/{rel}","templated":true}]}}